[{"@context":"https:\/\/schema.org\/","@type":"Article","@id":"https:\/\/www.gomel.cz\/promyslete-si-vzhled\/#Article","mainEntityOfPage":"https:\/\/www.gomel.cz\/promyslete-si-vzhled\/","headline":"Promyslete si vzhled","name":"Promyslete si vzhled","description":"Pro ka\u017ed\u00fd p\u00e1r je svatebn\u00ed ozn\u00e1men\u00ed velmi d\u016fle\u017eitou z\u00e1le\u017eitost\u00ed. M\u00e1te mo\u017enost tak pozvat na v\u00e1\u0161 ob\u0159ad a s n\u00edm spojenou hostinu v\u0161echny, na kter\u00fdch v\u00e1m z\u00e1le\u017e\u00ed a kter\u00e9 byste cht\u011bli m\u00edt v tento v\u00fdznamn\u00fd den vedle sebe. Je nutn\u00e9 si v\u0161ak dop\u0159edu promyslet jeho podobu nebo alespo\u0148 styl, ve kter\u00e9m by se m\u011bla v\u00fdznamn\u00e1 ud\u00e1lost...","datePublished":"2025-09-02","dateModified":"2025-09-02","author":{"@type":"Person","@id":"https:\/\/www.gomel.cz\/author\/#Person","name":"","url":"https:\/\/www.gomel.cz\/author\/","identifier":1,"image":{"@type":"ImageObject","@id":"https:\/\/secure.gravatar.com\/avatar\/9cac53ffad5d6e0659d72eaf216400c165f8fbf396c79017c66698a8aa5be23d?s=96&d=mm&r=g","url":"https:\/\/secure.gravatar.com\/avatar\/9cac53ffad5d6e0659d72eaf216400c165f8fbf396c79017c66698a8aa5be23d?s=96&d=mm&r=g","height":96,"width":96}},"publisher":{"@type":"Organization","name":"gomel.cz","logo":{"@type":"ImageObject","@id":"\/logo.png","url":"\/logo.png","width":600,"height":60}},"url":"https:\/\/www.gomel.cz\/promyslete-si-vzhled\/","wordCount":196,"articleBody":" Pro ka\u017ed\u00fd p\u00e1r je svatebn\u00ed ozn\u00e1men\u00ed velmi d\u016fle\u017eitou z\u00e1le\u017eitost\u00ed. M\u00e1te mo\u017enost tak pozvat na v\u00e1\u0161 ob\u0159ad a s n\u00edm spojenou hostinu v\u0161echny, na kter\u00fdch v\u00e1m z\u00e1le\u017e\u00ed a kter\u00e9 byste cht\u011bli m\u00edt v tento v\u00fdznamn\u00fd den vedle sebe. Je nutn\u00e9 si v\u0161ak dop\u0159edu promyslet jeho podobu nebo alespo\u0148 styl, ve kter\u00e9m by se m\u011bla v\u00fdznamn\u00e1 ud\u00e1lost n\u00e9st. Detaily pak m\u016f\u017eete doladit se zam\u011bstnanci agentury, kte\u0159\u00ed maj\u00ed tak\u00e9 spoustu n\u00e1pad\u016f a hlavn\u011b obrovsk\u00e9 zku\u0161enosti v t\u00e9to z\u00e1le\u017eitosti. Vzpom\u00ednka na v\u00e1\u0161 v\u00fdjime\u010dn\u00fd p\u00e1r Ka\u017ed\u00e9ho budouc\u00edho hosta jist\u011b pot\u011b\u0161\u00ed a z\u00e1rove\u0148 i p\u0159\u00edzniv\u011b nalad\u00ed kr\u00e1sn\u00fd vzhled pozv\u00e1nky na tak v\u00fdjime\u010dnou ud\u00e1lost. Svatebn\u00ed ozn\u00e1men\u00ed je m\u016f\u017ee z\u00e1rove\u0148 informovat o detailech akce, ale tak\u00e9 t\u0159eba z\u00e1rove\u0148 pobavit a zanechat v jejich srdc\u00edch kr\u00e1snou vzpom\u00ednku na v\u00e1\u0161 p\u00e1r. Nev\u00e1hejte tedy investovat pot\u0159ebn\u00e9 finance, jist\u011b budete z v\u00fdsledku pot\u011b\u0161en\u00ed vy i va\u0161i bl\u00edzc\u00ed.                                                                                                                                                                                                                                                                                                                                                                                                "},{"@context":"https:\/\/schema.org\/","@type":"BreadcrumbList","itemListElement":[{"@type":"ListItem","position":1,"name":"Promyslete si vzhled","item":"https:\/\/www.gomel.cz\/promyslete-si-vzhled\/#breadcrumbitem"}]}]