[{"@context":"https:\/\/schema.org\/","@type":"Article","@id":"https:\/\/www.gomel.cz\/nebudte-sebevrahem-za-volantem\/#Article","mainEntityOfPage":"https:\/\/www.gomel.cz\/nebudte-sebevrahem-za-volantem\/","headline":"Nebu\u010fte (sebe)vrahem za volantem","name":"Nebu\u010fte (sebe)vrahem za volantem","description":"Naprost\u00e1 v\u011bt\u0161ina t\u011bch, kdo maj\u00ed v hlav\u011b alespo\u0148 \u0161petku zdrav\u00e9ho rozumu, se nevyd\u00e1 jen tak dobrovoln\u011b a lhostejn\u011b smrti v \u00fastrety. A pokud se v \u0159ad\u00e1ch logicky uva\u017euj\u00edc\u00edch lid\u00ed p\u0159ece jenom najde n\u011bkdo, kdo se ze z\u00e1va\u017en\u00fdch d\u016fvod\u016f rozhodne p\u0159ed\u010dasn\u011b ukon\u010dit svou pozemskou pou\u0165, neu\u010din\u00ed tak nejsp\u00ed\u0161e pr\u00e1v\u011b t\u00edm, \u017ee usedne za volant a pojede...","datePublished":"2019-01-25","dateModified":"2023-04-29","author":{"@type":"Person","@id":"https:\/\/www.gomel.cz\/author\/#Person","name":"","url":"https:\/\/www.gomel.cz\/author\/","identifier":1,"image":{"@type":"ImageObject","@id":"https:\/\/secure.gravatar.com\/avatar\/9cac53ffad5d6e0659d72eaf216400c165f8fbf396c79017c66698a8aa5be23d?s=96&d=mm&r=g","url":"https:\/\/secure.gravatar.com\/avatar\/9cac53ffad5d6e0659d72eaf216400c165f8fbf396c79017c66698a8aa5be23d?s=96&d=mm&r=g","height":96,"width":96}},"publisher":{"@type":"Organization","name":"gomel.cz","logo":{"@type":"ImageObject","@id":"\/logo.png","url":"\/logo.png","width":600,"height":60}},"image":{"@type":"ImageObject","@id":"https:\/\/www.gomel.cz\/wp-content\/uploads\/img_a335681_w2733_t1548860127.jpg","url":"https:\/\/www.gomel.cz\/wp-content\/uploads\/img_a335681_w2733_t1548860127.jpg","height":0,"width":0},"url":"https:\/\/www.gomel.cz\/nebudte-sebevrahem-za-volantem\/","wordCount":503,"articleBody":"Naprost\u00e1 v\u011bt\u0161ina t\u011bch, kdo maj\u00ed v hlav\u011b alespo\u0148 \u0161petku zdrav\u00e9ho rozumu, se nevyd\u00e1 jen tak dobrovoln\u011b a lhostejn\u011b smrti v \u00fastrety. A pokud se v \u0159ad\u00e1ch logicky uva\u017euj\u00edc\u00edch lid\u00ed p\u0159ece jenom najde n\u011bkdo, kdo se ze z\u00e1va\u017en\u00fdch d\u016fvod\u016f rozhodne p\u0159ed\u010dasn\u011b ukon\u010dit svou pozemskou pou\u0165, neu\u010din\u00ed tak nejsp\u00ed\u0161e pr\u00e1v\u011b t\u00edm, \u017ee usedne za volant a pojede havarovat; proto\u017ee nejde o \u017e\u00e1dnou p\u0159\u00edjemnou smrt.Nikdo soudn\u00fd tak\u00e9 jenom tak nikoho jemu dost mo\u017en\u00e1 i zcela nezn\u00e1m\u00e9ho nebo naopak zn\u00e1m\u00e9ho klidn\u011b i v\u00edce ne\u017e d\u016fv\u011brn\u011b nep\u016fjde p\u0159ipravit o zdrav\u00ed a dost mo\u017en\u00e1 i o \u017eivot nem\u00e9n\u011b nep\u0159\u00edjemn\u00fdm zp\u016fsobem, tedy formou automobilov\u00e9 hav\u00e1rie. A to nejenom proto, \u017ee je to trestn\u00e9 a jen tak n\u011bkomu se za katr nechce.Ale navzdory tomuto n\u00e1zoru je nejednou vlastn\u011b prav\u00fd opak pravdou. Je mezi n\u00e1mi mnoho t\u011bch, kdo nejednou hloup\u011b ohro\u017euj\u00ed sv\u016fj \u017eivot stejn\u011b jako \u017eivot ostatn\u00edch. \u010c\u00edm\u017e m\u00e1m na mysli ty \u0159idi\u010de, jim\u017e je lhostejn\u00e9 osv\u011btlen\u00ed jejich vozidla.Je dost t\u011bch, kter\u00fdm v\u016fbec nevad\u00ed, \u017ee reflektory jejich plechov\u00e9ho mil\u00e1\u010dka sv\u00edt\u00ed prachb\u00eddn\u011b, \u017ee je jejich sv\u011btlo na hony daleko od ide\u00e1lu. Prost\u011b za sv\u011btla, za zhor\u0161en\u00e9 viditelnosti i za \u00fapln\u00e9 tmy usedaj\u00ed do sv\u00e9ho vozidla, nastartuj\u00ed a jedou. Sice nevid\u00ed nijak valn\u011b na to, co se d\u011bje p\u0159ed nimi, kdo v\u00ed, zda n\u011bkdo pro zm\u011bnu vid\u00ed jejich matn\u00e9 reflektory zadn\u00ed, ale v\u0161ak ono u\u017e to n\u011bjak dopadne.A tak\u00e9 to nejednou dopadne. Ov\u0161em \u0161patn\u011b.Den co den um\u00edraj\u00ed na silnic\u00edch lid\u00e9, kte\u0159\u00ed nemysleli na to, \u017ee .Den co den se tam um\u00edr\u00e1, a to nejednou zbyte\u010dn\u011b. Jenom proto, \u017ee se n\u011bkdo rozhodl u\u0161et\u0159it p\u00e1r korun a po\u0159\u00eddil sv\u00e9mu autu nekvalitn\u00ed zdroj sv\u011btla. Nam\u00edsto aby vybavil sv\u00e9ho plechov\u00e9ho mil\u00e1\u010dka kvalitn\u00edmi led \u017e\u00e1rovkami. T\u011bmi, kter\u00e9 odolaj\u00ed dokonce i mo\u017en\u00fdm ot\u0159es\u016fm a n\u00e1raz\u016fm.Je to smutn\u00e9, ale je to tak. Na tr\u017ei\u0161t\u00edch a u v\u0161emo\u017en\u00fdch pochybn\u00fdch prodejc\u016f jsou zkr\u00e1tka k m\u00e1n\u00ed kdejak\u00e9 \u017e\u00e1rovky v\u0161elijak\u00e9ho p\u016fvodu a nejist\u00e9 kvality, je\u017e maj\u00ed jenom a pouze tu p\u0159ednost, \u017ee jsou o n\u011bjakou tu korunu levn\u011bj\u0161\u00ed a tud\u00ed\u017e zd\u00e1nliv\u011b v\u00fdhodn\u011bj\u0161\u00ed. Proto\u017ee jeden na prvn\u00ed pohled nepozn\u00e1, jak tyto sv\u00edt\u00ed, jak dlouho vydr\u017e\u00ed.A je to nejednou i t\u011bchto p\u00e1r korun, kv\u016fli nim\u017e n\u011bkdo na silnici zem\u0159e. Nebo u\u017e nikdy nebude fit jako d\u0159\u00edv. Nebo si odsed\u00ed to, \u017ee toto zp\u016fsobil n\u011bkomu jin\u00e9mu.A co vy? Stoj\u00ed v\u00e1m t\u011bch p\u00e1r korun za to?                                                                                                                                                                                                                                                                                                                                                                                        4.2\/5 - (8 votes)        "},{"@context":"https:\/\/schema.org\/","@type":"BreadcrumbList","itemListElement":[{"@type":"ListItem","position":1,"name":"Nebu\u010fte (sebe)vrahem za volantem","item":"https:\/\/www.gomel.cz\/nebudte-sebevrahem-za-volantem\/#breadcrumbitem"}]}]